{"id":17419,"date":"2025-07-02T12:53:14","date_gmt":"2025-07-02T18:53:14","guid":{"rendered":"https:\/\/muebleslacandona.com\/?p=17419"},"modified":"2025-07-03T10:40:49","modified_gmt":"2025-07-03T16:40:49","slug":"fotos-de-muebles-lacandona-2","status":"publish","type":"post","link":"https:\/\/muebleslacandona.com\/en\/fotos-de-muebles-lacandona-2\/","title":{"rendered":"Madera \u00c1lamo"},"content":{"rendered":"\t\t<div data-elementor-type=\"wp-post\" data-elementor-id=\"17419\" class=\"elementor elementor-17419\" data-elementor-post-type=\"post\">\n\t\t\t\t\t\t<section class=\"wd-negative-gap elementor-section elementor-top-section elementor-element elementor-element-4da5f88 elementor-section-full_width wd-section-stretch-content elementor-section-height-default elementor-section-height-default\" data-id=\"4da5f88\" data-element_type=\"section\">\n\t\t\t\t\t\t<div class=\"elementor-container elementor-column-gap-default\">\n\t\t\t\t\t<div class=\"elementor-column elementor-col-16 elementor-top-column elementor-element elementor-element-6e59ece animated-slow wd_sticky_offset_50 wd-elementor-sticky-column elementor-invisible\" data-id=\"6e59ece\" data-element_type=\"column\" data-settings=\"{&quot;animation&quot;:&quot;fadeIn&quot;}\">\n\t\t\t<div class=\"elementor-widget-wrap elementor-element-populated\">\n\t\t\t\t\t\t<div class=\"elementor-element elementor-element-af00478 elementor-widget elementor-widget-table-of-contents\" data-id=\"af00478\" data-element_type=\"widget\" data-settings=\"{&quot;headings_by_tags&quot;:[&quot;h2&quot;,&quot;h3&quot;],&quot;exclude_headings_by_selector&quot;:[],&quot;marker_view&quot;:&quot;numbers&quot;,&quot;hierarchical_view&quot;:&quot;yes&quot;,&quot;min_height&quot;:{&quot;unit&quot;:&quot;px&quot;,&quot;size&quot;:&quot;&quot;,&quot;sizes&quot;:[]},&quot;min_height_tablet&quot;:{&quot;unit&quot;:&quot;px&quot;,&quot;size&quot;:&quot;&quot;,&quot;sizes&quot;:[]},&quot;min_height_mobile&quot;:{&quot;unit&quot;:&quot;px&quot;,&quot;size&quot;:&quot;&quot;,&quot;sizes&quot;:[]}}\" data-widget_type=\"table-of-contents.default\">\n\t\t\t\t<div class=\"elementor-widget-container\">\n\t\t\t\t\t\t\t\t\t<div class=\"elementor-toc__header\">\n\t\t\t\t\t\t<div class=\"elementor-toc__header-title\">\n\t\t\t\tTabla de contenidos \t\t\t<\/div>\n\t\t\t\t\t\t\t\t<\/div>\n\t\t\t\t<div id=\"elementor-toc__af00478\" class=\"elementor-toc__body\">\n\t\t\t<div class=\"elementor-toc__spinner-container\">\n\t\t\t\t<i class=\"elementor-toc__spinner eicon-animation-spin eicon-loading\" aria-hidden=\"true\"><\/i>\t\t\t<\/div>\n\t\t<\/div>\n\t\t\t\t\t\t<\/div>\n\t\t\t\t<\/div>\n\t\t\t\t\t<\/div>\n\t\t<\/div>\n\t\t\t\t<div class=\"elementor-column elementor-col-66 elementor-top-column elementor-element elementor-element-2c09ff4 animated-slow elementor-invisible\" data-id=\"2c09ff4\" data-element_type=\"column\" data-settings=\"{&quot;animation&quot;:&quot;fadeIn&quot;}\">\n\t\t\t<div class=\"elementor-widget-wrap elementor-element-populated\">\n\t\t\t\t\t\t<div class=\"elementor-element elementor-element-dd6e17f elementor-hidden-tablet elementor-hidden-mobile elementor-widget elementor-widget-image\" data-id=\"dd6e17f\" data-element_type=\"widget\" data-widget_type=\"image.default\">\n\t\t\t\t<div class=\"elementor-widget-container\">\n\t\t\t\t\t\t\t\t\t\t\t\t\t\t\t<img loading=\"lazy\" decoding=\"async\" width=\"768\" height=\"241\" src=\"https:\/\/muebleslacandona.com\/wp-content\/uploads\/2025\/07\/Portada-Blog-Nueva-Madera-Alamo-web-768x241.png\" class=\"attachment-medium_large size-medium_large wp-image-17429\" alt=\"\" srcset=\"https:\/\/muebleslacandona.com\/wp-content\/uploads\/2025\/07\/Portada-Blog-Nueva-Madera-Alamo-web-768x241.png 768w, https:\/\/muebleslacandona.com\/wp-content\/uploads\/2025\/07\/Portada-Blog-Nueva-Madera-Alamo-web-300x94.png 300w, https:\/\/muebleslacandona.com\/wp-content\/uploads\/2025\/07\/Portada-Blog-Nueva-Madera-Alamo-web-18x6.png 18w, https:\/\/muebleslacandona.com\/wp-content\/uploads\/2025\/07\/Portada-Blog-Nueva-Madera-Alamo-web-600x189.png 600w, https:\/\/muebleslacandona.com\/wp-content\/uploads\/2025\/07\/Portada-Blog-Nueva-Madera-Alamo-web-150x47.png 150w, https:\/\/muebleslacandona.com\/wp-content\/uploads\/2025\/07\/Portada-Blog-Nueva-Madera-Alamo-web.png 900w\" sizes=\"auto, (max-width: 768px) 100vw, 768px\" \/>\t\t\t\t\t\t\t\t\t\t\t\t\t\t\t<\/div>\n\t\t\t\t<\/div>\n\t\t\t\t<div class=\"elementor-element elementor-element-c554543 elementor-widget elementor-widget-heading\" data-id=\"c554543\" data-element_type=\"widget\" data-widget_type=\"heading.default\">\n\t\t\t\t<div class=\"elementor-widget-container\">\n\t\t\t\t\t<h2 class=\"elementor-heading-title elementor-size-default\"><a href=\"https:\/\/alcalde.com.mx\/\" target=\"_blank\">\u00bfPor qu\u00e9 la madera de \u00e1lamo?\n<\/a><\/h2>\t\t\t\t<\/div>\n\t\t\t\t<\/div>\n\t\t\t\t<div class=\"elementor-element elementor-element-40311c8 color-scheme-inherit text-left elementor-widget elementor-widget-text-editor\" data-id=\"40311c8\" data-element_type=\"widget\" data-widget_type=\"text-editor.default\">\n\t\t\t\t<div class=\"elementor-widget-container\">\n\t\t\t\t\t\t\t\t\t<p data-start=\"785\" data-end=\"874\">La <strong data-start=\"788\" data-end=\"807\">madera de \u00e1lamo<\/strong> ha ganado popularidad en la industria del mobiliario gracias a su:<\/p><ul data-start=\"876\" data-end=\"1168\"><li data-start=\"876\" data-end=\"911\"><p data-start=\"878\" data-end=\"911\">\u2705 <strong data-start=\"880\" data-end=\"911\">Textura uniforme y elegante<\/strong><\/p><\/li><li data-start=\"912\" data-end=\"985\"><p data-start=\"914\" data-end=\"985\">\u2705 <strong data-start=\"916\" data-end=\"985\">Mayor estabilidad dimensional (menos deformaciones con el tiempo)<\/strong><\/p><\/li><li data-start=\"986\" data-end=\"1036\"><p data-start=\"988\" data-end=\"1036\">\u2705 <strong data-start=\"990\" data-end=\"1036\">Excelente aceptaci\u00f3n de acabados y pintura<\/strong><\/p><\/li><li data-start=\"1037\" data-end=\"1098\"><p data-start=\"1039\" data-end=\"1098\">\u2705 <strong data-start=\"1041\" data-end=\"1098\">Reducci\u00f3n de desperdicio en el proceso de fabricaci\u00f3n<\/strong><\/p><\/li><li data-start=\"1099\" data-end=\"1168\"><p data-start=\"1101\" data-end=\"1168\">\u2705 <strong data-start=\"1103\" data-end=\"1168\">Alta demanda en mercados internacionales como EE.UU. y Europa<\/strong><\/p><\/li><\/ul>\t\t\t\t\t\t\t\t<\/div>\n\t\t\t\t<\/div>\n\t\t\t\t<div class=\"elementor-element elementor-element-cddfdaf color-scheme-inherit text-left elementor-widget elementor-widget-text-editor\" data-id=\"cddfdaf\" data-element_type=\"widget\" data-widget_type=\"text-editor.default\">\n\t\t\t\t<div class=\"elementor-widget-container\">\n\t\t\t\t\t\t\t\t\t<p data-start=\"1170\" data-end=\"1320\">Su uso nos permite ofrecerte muebles con una est\u00e9tica m\u00e1s refinada, sin dejar de lado la resistencia y funcionalidad que siempre nos ha caracterizado.<\/p>\t\t\t\t\t\t\t\t<\/div>\n\t\t\t\t<\/div>\n\t\t\t\t<div class=\"elementor-element elementor-element-e487df3 elementor-widget elementor-widget-heading\" data-id=\"e487df3\" data-element_type=\"widget\" data-widget_type=\"heading.default\">\n\t\t\t\t<div class=\"elementor-widget-container\">\n\t\t\t\t\t<h2 class=\"elementor-heading-title elementor-size-default\"><a href=\"https:\/\/www.campomar.mx\/\" target=\"_blank\">Evolucionamos contigo<\/a><\/h2>\t\t\t\t<\/div>\n\t\t\t\t<\/div>\n\t\t\t\t<div class=\"elementor-element elementor-element-c2021d7 color-scheme-inherit text-left elementor-widget elementor-widget-text-editor\" data-id=\"c2021d7\" data-element_type=\"widget\" data-widget_type=\"text-editor.default\">\n\t\t\t\t<div class=\"elementor-widget-container\">\n\t\t\t\t\t\t\t\t\t<p>Durante muchos a\u00f1os, el pino ha sido un aliado confiable para la fabricaci\u00f3n de muebles gracias a su disponibilidad, versatilidad y buen desempe\u00f1o. Sin embargo, como parte de nuestra evoluci\u00f3n constante, el <strong data-start=\"1579\" data-end=\"1588\">\u00e1lamo<\/strong> representa un paso adelante en ciertos proyectos que requieren un nivel m\u00e1s alto de precisi\u00f3n est\u00e9tica y durabilidad.<\/p>\t\t\t\t\t\t\t\t<\/div>\n\t\t\t\t<\/div>\n\t\t\t\t<div class=\"elementor-element elementor-element-104448a elementor-widget elementor-widget-heading\" data-id=\"104448a\" data-element_type=\"widget\" data-widget_type=\"heading.default\">\n\t\t\t\t<div class=\"elementor-widget-container\">\n\t\t\t\t\t<h2 class=\"elementor-heading-title elementor-size-default\">\u00c1lamo: una madera con visi\u00f3n de futuro<\/h2>\t\t\t\t<\/div>\n\t\t\t\t<\/div>\n\t\t\t\t<div class=\"elementor-element elementor-element-af60fa2 color-scheme-inherit text-left elementor-widget elementor-widget-text-editor\" data-id=\"af60fa2\" data-element_type=\"widget\" data-widget_type=\"text-editor.default\">\n\t\t\t\t<div class=\"elementor-widget-container\">\n\t\t\t\t\t\t\t\t\t<p data-start=\"2204\" data-end=\"2402\">Incluir <strong data-start=\"2212\" data-end=\"2251\">madera de \u00e1lamo en nuestros dise\u00f1os<\/strong> no solo nos permite innovar, tambi\u00e9n nos posiciona mejor en el mercado internacional, al usar una materia prima reconocida globalmente por su calidad.<\/p><p data-start=\"2404\" data-end=\"2611\">En Muebles Lacandona, seguimos fieles a nuestra esencia: calidad, personalizaci\u00f3n y dise\u00f1o que conecta con tu marca. Y ahora, con \u00e1lamo, <strong data-start=\"2541\" data-end=\"2587\">ampliamos nuestras posibilidades creativas<\/strong> para ofrecerte a\u00fan m\u00e1s.<\/p>\t\t\t\t\t\t\t\t<\/div>\n\t\t\t\t<\/div>\n\t\t\t\t<div class=\"elementor-element elementor-element-ded3a12 elementor-widget elementor-widget-heading\" data-id=\"ded3a12\" data-element_type=\"widget\" data-widget_type=\"heading.default\">\n\t\t\t\t<div class=\"elementor-widget-container\">\n\t\t\t\t\t<h2 class=\"elementor-heading-title elementor-size-default\">M\u00e1s de nosotros <\/h2>\t\t\t\t<\/div>\n\t\t\t\t<\/div>\n\t\t\t\t<div class=\"elementor-element elementor-element-daea54e color-scheme-inherit text-left elementor-widget elementor-widget-text-editor\" data-id=\"daea54e\" data-element_type=\"widget\" data-widget_type=\"text-editor.default\">\n\t\t\t\t<div class=\"elementor-widget-container\">\n\t\t\t\t\t\t\t\t\t<p data-start=\"115\" data-end=\"244\">\ud83d\udc49 <em data-start=\"118\" data-end=\"244\">Si quieres conocer m\u00e1s sobre la madera de \u00e1lamo y c\u00f3mo la usamos en nuestros proyectos, s\u00edguenos en nuestras redes sociales.<\/em><\/p>\t\t\t\t\t\t\t\t<\/div>\n\t\t\t\t<\/div>\n\t\t\t\t<div class=\"elementor-element elementor-element-223648b elementor-widget__width-initial elementor-widget elementor-widget-html\" data-id=\"223648b\" data-element_type=\"widget\" data-widget_type=\"html.default\">\n\t\t\t\t<div class=\"elementor-widget-container\">\n\t\t\t\t\t<blockquote class=\"tiktok-embed\" cite=\"https:\/\/www.tiktok.com\/@muebleslacandona\/video\/7512974429689777413\" data-video-id=\"7512974429689777413\" style=\"max-width: 605px;min-width: 325px;\" > <section> <a target=\"_blank\" title=\"@muebleslacandona\" href=\"https:\/\/www.tiktok.com\/@muebleslacandona?refer=embed\">@muebleslacandona<\/a> <p>En Muebles Lacandona siempre buscamos innovar sin perder calidad. Hoy presentamos \u00c1lamo, una nueva madera que se suma a nuestras opciones para ofrecer m\u00e1s estilo, dise\u00f1o y personalidad a tus pr\u00f3ximos proyectos. \ud83e\udeb5\u2728<\/p> <a target=\"_blank\" title=\"\u266c original sound  - Muebles Lacandona\" href=\"https:\/\/www.tiktok.com\/music\/original-sound-Muebles-Lacandona-7512974444345707269?refer=embed\">\u266c original sound  - Muebles Lacandona<\/a> <\/section> <\/blockquote> <script async src=\"https:\/\/www.tiktok.com\/embed.js\"><\/script>\t\t\t\t<\/div>\n\t\t\t\t<\/div>\n\t\t\t\t<div class=\"elementor-element elementor-element-438b50a elementor-widget elementor-widget-spacer\" data-id=\"438b50a\" data-element_type=\"widget\" data-widget_type=\"spacer.default\">\n\t\t\t\t<div class=\"elementor-widget-container\">\n\t\t\t\t\t\t\t<div class=\"elementor-spacer\">\n\t\t\t<div class=\"elementor-spacer-inner\"><\/div>\n\t\t<\/div>\n\t\t\t\t\t\t<\/div>\n\t\t\t\t<\/div>\n\t\t\t\t\t<\/div>\n\t\t<\/div>\n\t\t\t\t<div class=\"elementor-column elementor-col-16 elementor-top-column elementor-element elementor-element-072b480 animated-slow elementor-invisible\" data-id=\"072b480\" data-element_type=\"column\" data-settings=\"{&quot;animation&quot;:&quot;fadeIn&quot;}\">\n\t\t\t<div class=\"elementor-widget-wrap elementor-element-populated\">\n\t\t\t\t\t\t<div class=\"elementor-element elementor-element-8f30c77 elementor-widget elementor-widget-heading\" data-id=\"8f30c77\" data-element_type=\"widget\" data-widget_type=\"heading.default\">\n\t\t\t\t<div class=\"elementor-widget-container\">\n\t\t\t\t\t<h4 class=\"elementor-heading-title elementor-size-default\">\u00daltimos Art\u00edculos<\/h4>\t\t\t\t<\/div>\n\t\t\t\t<\/div>\n\t\t\t\t<div class=\"elementor-element elementor-element-1de606e elementor-grid-1 elementor-posts--thumbnail-left elementor-grid-tablet-2 elementor-grid-mobile-1 elementor-widget elementor-widget-posts\" data-id=\"1de606e\" data-element_type=\"widget\" data-settings=\"{&quot;classic_columns&quot;:&quot;1&quot;,&quot;classic_row_gap&quot;:{&quot;unit&quot;:&quot;px&quot;,&quot;size&quot;:21,&quot;sizes&quot;:[]},&quot;classic_columns_tablet&quot;:&quot;2&quot;,&quot;classic_columns_mobile&quot;:&quot;1&quot;,&quot;classic_row_gap_tablet&quot;:{&quot;unit&quot;:&quot;px&quot;,&quot;size&quot;:&quot;&quot;,&quot;sizes&quot;:[]},&quot;classic_row_gap_mobile&quot;:{&quot;unit&quot;:&quot;px&quot;,&quot;size&quot;:&quot;&quot;,&quot;sizes&quot;:[]}}\" data-widget_type=\"posts.classic\">\n\t\t\t\t<div class=\"elementor-widget-container\">\n\t\t\t\t\t\t\t<div class=\"elementor-posts-container elementor-posts elementor-posts--skin-classic elementor-grid\" role=\"list\">\n\t\t\t\t<article class=\"elementor-post elementor-grid-item post-18850 post type-post status-publish format-standard hentry category-tips tag-muebles-para-restaurante tag-restaurantes\" role=\"listitem\">\n\t\t\t\t<div class=\"elementor-post__text\">\n\t\t\t\t<div class=\"elementor-post__title\">\n\t\t\t<a href=\"https:\/\/muebleslacandona.com\/en\/las-medidas-adecuadas-para-los-muebles-de-tu-restaurante\/\" >\n\t\t\t\tLas Medidas Adecuadas para los Muebles de tu Restaurante\t\t\t<\/a>\n\t\t<\/div>\n\t\t\t\t<div class=\"elementor-post__meta-data\">\n\t\t\t\t\t<span class=\"elementor-post-date\">\n\t\t\t12 de February de 2026\t\t<\/span>\n\t\t\t\t<\/div>\n\t\t\t\t<\/div>\n\t\t\t\t<\/article>\n\t\t\t\t<article class=\"elementor-post elementor-grid-item post-18775 post type-post status-publish format-standard hentry category-decoracion category-tips tag-decoracion tag-restaurantes tag-tips\" role=\"listitem\">\n\t\t\t\t<div class=\"elementor-post__text\">\n\t\t\t\t<div class=\"elementor-post__title\">\n\t\t\t<a href=\"https:\/\/muebleslacandona.com\/en\/como-presentar-mis-bebidas-para-vender-mas\/\" >\n\t\t\t\t\u00bfC\u00f3mo Presentar mis Bebidas para Vender M\u00e1s?\t\t\t<\/a>\n\t\t<\/div>\n\t\t\t\t<div class=\"elementor-post__meta-data\">\n\t\t\t\t\t<span class=\"elementor-post-date\">\n\t\t\t12 de February de 2026\t\t<\/span>\n\t\t\t\t<\/div>\n\t\t\t\t<\/div>\n\t\t\t\t<\/article>\n\t\t\t\t<article class=\"elementor-post elementor-grid-item post-18579 post type-post status-publish format-standard hentry category-decoracion category-tips\" role=\"listitem\">\n\t\t\t\t<div class=\"elementor-post__text\">\n\t\t\t\t<div class=\"elementor-post__title\">\n\t\t\t<a href=\"https:\/\/muebleslacandona.com\/en\/como-renovar-mi-restaurante-en-2026\/\" >\n\t\t\t\t\u00bfC\u00f3mo Renovar mi Restaurante en 2026?\t\t\t<\/a>\n\t\t<\/div>\n\t\t\t\t<div class=\"elementor-post__meta-data\">\n\t\t\t\t\t<span class=\"elementor-post-date\">\n\t\t\t14 de January de 2026\t\t<\/span>\n\t\t\t\t<\/div>\n\t\t\t\t<\/div>\n\t\t\t\t<\/article>\n\t\t\t\t<article class=\"elementor-post elementor-grid-item post-18025 post type-post status-publish format-standard hentry category-tips tag-muebles-para-restaurante tag-restaurantes tag-tips\" role=\"listitem\">\n\t\t\t\t<div class=\"elementor-post__text\">\n\t\t\t\t<div class=\"elementor-post__title\">\n\t\t\t<a href=\"https:\/\/muebleslacandona.com\/en\/tendencias-2026-para-restaurantes-mexicanos-en-estados-unidos\/\" >\n\t\t\t\tTendencias 2026 Para Restaurantes Mexicanos en Estados Unidos\t\t\t<\/a>\n\t\t<\/div>\n\t\t\t\t<div class=\"elementor-post__meta-data\">\n\t\t\t\t\t<span class=\"elementor-post-date\">\n\t\t\t11 de December de 2025\t\t<\/span>\n\t\t\t\t<\/div>\n\t\t\t\t<\/div>\n\t\t\t\t<\/article>\n\t\t\t\t<\/div>\n\t\t\n\t\t\t\t\t\t<\/div>\n\t\t\t\t<\/div>\n\t\t\t\t<div class=\"elementor-element elementor-element-8178a03 elementor-widget elementor-widget-spacer\" data-id=\"8178a03\" data-element_type=\"widget\" data-widget_type=\"spacer.default\">\n\t\t\t\t<div class=\"elementor-widget-container\">\n\t\t\t\t\t\t\t<div class=\"elementor-spacer\">\n\t\t\t<div class=\"elementor-spacer-inner\"><\/div>\n\t\t<\/div>\n\t\t\t\t\t\t<\/div>\n\t\t\t\t<\/div>\n\t\t\t\t\t<\/div>\n\t\t<\/div>\n\t\t\t\t\t<\/div>\n\t\t<\/section>\n\t\t\t\t<section class=\"wd-negative-gap elementor-section elementor-top-section elementor-element elementor-element-385edf2b elementor-reverse-tablet elementor-reverse-mobile elementor-section-boxed elementor-section-height-default elementor-section-height-default\" data-id=\"385edf2b\" data-element_type=\"section\" data-settings=\"{&quot;background_background&quot;:&quot;classic&quot;}\">\n\t\t\t\t\t\t<div class=\"elementor-container elementor-column-gap-no\">\n\t\t\t\t\t<div class=\"elementor-column elementor-col-50 elementor-top-column elementor-element elementor-element-71ed7d21\" data-id=\"71ed7d21\" data-element_type=\"column\" data-settings=\"{&quot;background_background&quot;:&quot;classic&quot;}\">\n\t\t\t<div class=\"elementor-widget-wrap elementor-element-populated\">\n\t\t\t\t\t<div class=\"elementor-background-overlay\"><\/div>\n\t\t\t\t\t\t<div class=\"elementor-element elementor-element-9e064f1 color-scheme-inherit text-left elementor-widget elementor-widget-text-editor\" data-id=\"9e064f1\" data-element_type=\"widget\" data-widget_type=\"text-editor.default\">\n\t\t\t\t<div class=\"elementor-widget-container\">\n\t\t\t\t\t\t\t\t\t<p>\u00danete a nuestro newsletter y Recibir\u00e1s consejos de dise\u00f1o, novedades en mobiliario personalizado e innovaciones que har\u00e1n destacar tu negocio.<\/p>\t\t\t\t\t\t\t\t<\/div>\n\t\t\t\t<\/div>\n\t\t\t\t<div class=\"elementor-element elementor-element-6e866457 elementor-button-align-stretch elementor-widget elementor-widget-form\" data-id=\"6e866457\" data-element_type=\"widget\" data-settings=\"{&quot;button_width&quot;:&quot;20&quot;,&quot;step_next_label&quot;:&quot;Next&quot;,&quot;step_previous_label&quot;:&quot;Previous&quot;,&quot;step_type&quot;:&quot;number_text&quot;,&quot;step_icon_shape&quot;:&quot;circle&quot;}\" data-widget_type=\"form.default\">\n\t\t\t\t<div class=\"elementor-widget-container\">\n\t\t\t\t\t\t\t<form class=\"elementor-form\" method=\"post\" name=\"New Form\" aria-label=\"New Form\">\n\t\t\t<input type=\"hidden\" name=\"post_id\" value=\"17419\"\/>\n\t\t\t<input type=\"hidden\" name=\"form_id\" value=\"6e866457\"\/>\n\t\t\t<input type=\"hidden\" name=\"referer_title\" value=\"Daniel, autor en Muebles Lacandona\" \/>\n\n\t\t\t\n\t\t\t<div class=\"elementor-form-fields-wrapper elementor-labels-above\">\n\t\t\t\t\t\t\t\t<div class=\"elementor-field-type-email elementor-field-group elementor-column elementor-field-group-email elementor-col-80 elementor-field-required\">\n\t\t\t\t\t\t\t\t\t\t\t\t\t<input size=\"1\" type=\"email\" name=\"form_fields[email]\" id=\"form-field-email\" class=\"elementor-field elementor-size-md  elementor-field-textual\" placeholder=\"Email\" required=\"required\">\n\t\t\t\t\t\t\t\t\t\t\t<\/div>\n\t\t\t\t\t\t\t\t<div class=\"elementor-field-group elementor-column elementor-field-type-submit elementor-col-20 e-form__buttons\">\n\t\t\t\t\t<button class=\"elementor-button elementor-size-md\" type=\"submit\">\n\t\t\t\t\t\t<span class=\"elementor-button-content-wrapper\">\n\t\t\t\t\t\t\t\t\t\t\t\t\t\t\t<span class=\"elementor-button-icon\">\n\t\t\t\t\t\t\t\t\t<i aria-hidden=\"true\" class=\"fas fa-long-arrow-alt-right\"><\/i>\t\t\t\t\t\t\t\t\t\t\t\t\t\t\t\t\t\t\t<span class=\"elementor-screen-only\">Submit<\/span>\n\t\t\t\t\t\t\t\t\t\t\t\t\t\t\t\t\t<\/span>\n\t\t\t\t\t\t\t\t\t\t\t\t\t\t\t\t\t\t\t\t<\/span>\n\t\t\t\t\t<\/button>\n\t\t\t\t<\/div>\n\t\t\t<\/div>\n\t\t<\/form>\n\t\t\t\t\t\t<\/div>\n\t\t\t\t<\/div>\n\t\t\t\t\t<\/div>\n\t\t<\/div>\n\t\t\t\t<div class=\"elementor-column elementor-col-50 elementor-top-column elementor-element elementor-element-19c895d4\" data-id=\"19c895d4\" data-element_type=\"column\" data-settings=\"{&quot;background_background&quot;:&quot;classic&quot;}\">\n\t\t\t<div class=\"elementor-widget-wrap elementor-element-populated\">\n\t\t\t\t\t\t<div class=\"elementor-element elementor-element-1901e248 elementor-widget elementor-widget-spacer\" data-id=\"1901e248\" data-element_type=\"widget\" data-widget_type=\"spacer.default\">\n\t\t\t\t<div class=\"elementor-widget-container\">\n\t\t\t\t\t\t\t<div class=\"elementor-spacer\">\n\t\t\t<div class=\"elementor-spacer-inner\"><\/div>\n\t\t<\/div>\n\t\t\t\t\t\t<\/div>\n\t\t\t\t<\/div>\n\t\t\t\t\t<\/div>\n\t\t<\/div>\n\t\t\t\t\t<\/div>\n\t\t<\/section>\n\t\t\t\t<\/div>\n\t\t","protected":false},"excerpt":{"rendered":"<p>Tabla de contenidos \u00bfPor qu\u00e9 la madera de \u00e1lamo? La madera de \u00e1lamo ha ganado popularidad en la industria del<\/p>","protected":false},"author":2,"featured_media":17222,"comment_status":"closed","ping_status":"open","sticky":false,"template":"","format":"standard","meta":{"footnotes":""},"categories":[41],"tags":[],"class_list":["post-17419","post","type-post","status-publish","format-standard","has-post-thumbnail","hentry","category-decoracion"],"yoast_head":"<!-- This site is optimized with the Yoast SEO plugin v27.0 - https:\/\/yoast.com\/product\/yoast-seo-wordpress\/ -->\n<title>Madera \u00c1lamo - Muebles Lacandona<\/title>\n<meta name=\"robots\" content=\"index, follow, max-snippet:-1, max-image-preview:large, max-video-preview:-1\" \/>\n<link rel=\"canonical\" href=\"https:\/\/muebleslacandona.com\/en\/fotos-de-muebles-lacandona-2\/\" \/>\n<meta property=\"og:locale\" content=\"en_US\" \/>\n<meta property=\"og:type\" content=\"article\" \/>\n<meta property=\"og:title\" content=\"Madera \u00c1lamo - Muebles Lacandona\" \/>\n<meta property=\"og:description\" content=\"Tabla de contenidos \u00bfPor qu\u00e9 la madera de \u00e1lamo? La madera de \u00e1lamo ha ganado popularidad en la industria del\" \/>\n<meta property=\"og:url\" content=\"https:\/\/muebleslacandona.com\/en\/fotos-de-muebles-lacandona-2\/\" \/>\n<meta property=\"og:site_name\" content=\"Muebles Lacandona\" \/>\n<meta property=\"article:published_time\" content=\"2025-07-02T18:53:14+00:00\" \/>\n<meta property=\"article:modified_time\" content=\"2025-07-03T16:40:49+00:00\" \/>\n<meta property=\"og:image\" content=\"https:\/\/muebleslacandona.com\/wp-content\/uploads\/2025\/04\/Foto-Muebles-Lacandona.jpg\" \/>\n\t<meta property=\"og:image:width\" content=\"1800\" \/>\n\t<meta property=\"og:image:height\" content=\"888\" \/>\n\t<meta property=\"og:image:type\" content=\"image\/jpeg\" \/>\n<meta name=\"author\" content=\"Daniel\" \/>\n<meta name=\"twitter:card\" content=\"summary_large_image\" \/>\n<meta name=\"twitter:label1\" content=\"Written by\" \/>\n\t<meta name=\"twitter:data1\" content=\"Daniel\" \/>\n\t<meta name=\"twitter:label2\" content=\"Est. reading time\" \/>\n\t<meta name=\"twitter:data2\" content=\"3 minutes\" \/>\n<script type=\"application\/ld+json\" class=\"yoast-schema-graph\">{\"@context\":\"https:\/\/schema.org\",\"@graph\":[{\"@type\":\"Article\",\"@id\":\"https:\/\/muebleslacandona.com\/fotos-de-muebles-lacandona-2\/#article\",\"isPartOf\":{\"@id\":\"https:\/\/muebleslacandona.com\/fotos-de-muebles-lacandona-2\/\"},\"author\":{\"name\":\"Daniel\",\"@id\":\"https:\/\/muebleslacandona.com\/#\/schema\/person\/4d1d2c8806275111a95d24bddde60f9f\"},\"headline\":\"Madera \u00c1lamo\",\"datePublished\":\"2025-07-02T18:53:14+00:00\",\"dateModified\":\"2025-07-03T16:40:49+00:00\",\"mainEntityOfPage\":{\"@id\":\"https:\/\/muebleslacandona.com\/fotos-de-muebles-lacandona-2\/\"},\"wordCount\":319,\"image\":{\"@id\":\"https:\/\/muebleslacandona.com\/fotos-de-muebles-lacandona-2\/#primaryimage\"},\"thumbnailUrl\":\"https:\/\/muebleslacandona.com\/wp-content\/uploads\/2025\/04\/Foto-Muebles-Lacandona.jpg\",\"articleSection\":[\"Decoraci\u00f3n\"],\"inLanguage\":\"en-US\"},{\"@type\":\"WebPage\",\"@id\":\"https:\/\/muebleslacandona.com\/fotos-de-muebles-lacandona-2\/\",\"url\":\"https:\/\/muebleslacandona.com\/fotos-de-muebles-lacandona-2\/\",\"name\":\"Madera \u00c1lamo - Muebles Lacandona\",\"isPartOf\":{\"@id\":\"https:\/\/muebleslacandona.com\/#website\"},\"primaryImageOfPage\":{\"@id\":\"https:\/\/muebleslacandona.com\/fotos-de-muebles-lacandona-2\/#primaryimage\"},\"image\":{\"@id\":\"https:\/\/muebleslacandona.com\/fotos-de-muebles-lacandona-2\/#primaryimage\"},\"thumbnailUrl\":\"https:\/\/muebleslacandona.com\/wp-content\/uploads\/2025\/04\/Foto-Muebles-Lacandona.jpg\",\"datePublished\":\"2025-07-02T18:53:14+00:00\",\"dateModified\":\"2025-07-03T16:40:49+00:00\",\"author\":{\"@id\":\"https:\/\/muebleslacandona.com\/#\/schema\/person\/4d1d2c8806275111a95d24bddde60f9f\"},\"breadcrumb\":{\"@id\":\"https:\/\/muebleslacandona.com\/fotos-de-muebles-lacandona-2\/#breadcrumb\"},\"inLanguage\":\"en-US\",\"potentialAction\":[{\"@type\":\"ReadAction\",\"target\":[\"https:\/\/muebleslacandona.com\/fotos-de-muebles-lacandona-2\/\"]}]},{\"@type\":\"ImageObject\",\"inLanguage\":\"en-US\",\"@id\":\"https:\/\/muebleslacandona.com\/fotos-de-muebles-lacandona-2\/#primaryimage\",\"url\":\"https:\/\/muebleslacandona.com\/wp-content\/uploads\/2025\/04\/Foto-Muebles-Lacandona.jpg\",\"contentUrl\":\"https:\/\/muebleslacandona.com\/wp-content\/uploads\/2025\/04\/Foto-Muebles-Lacandona.jpg\",\"width\":1800,\"height\":888},{\"@type\":\"BreadcrumbList\",\"@id\":\"https:\/\/muebleslacandona.com\/fotos-de-muebles-lacandona-2\/#breadcrumb\",\"itemListElement\":[{\"@type\":\"ListItem\",\"position\":1,\"name\":\"Portada\",\"item\":\"https:\/\/muebleslacandona.com\/\"},{\"@type\":\"ListItem\",\"position\":2,\"name\":\"Madera \u00c1lamo\"}]},{\"@type\":\"WebSite\",\"@id\":\"https:\/\/muebleslacandona.com\/#website\",\"url\":\"https:\/\/muebleslacandona.com\/\",\"name\":\"Muebles Lacandona\",\"description\":\"Fabricamos muebles para restaurantes mexicanos en Estados Unidos, dise\u00f1ados para atraer clientes y elevar la experiencia de tu negocio. En Muebles Lacandona combinamos artesan\u00eda mexicana, personalizaci\u00f3n y m\u00e1s de 25 a\u00f1os de experiencia para crear espacios \u00fanicos que conectan con la cultura latina y aumentan el valor de tu restaurante.\",\"potentialAction\":[{\"@type\":\"SearchAction\",\"target\":{\"@type\":\"EntryPoint\",\"urlTemplate\":\"https:\/\/muebleslacandona.com\/?s={search_term_string}\"},\"query-input\":{\"@type\":\"PropertyValueSpecification\",\"valueRequired\":true,\"valueName\":\"search_term_string\"}}],\"inLanguage\":\"en-US\"},{\"@type\":\"Person\",\"@id\":\"https:\/\/muebleslacandona.com\/#\/schema\/person\/4d1d2c8806275111a95d24bddde60f9f\",\"name\":\"Daniel\",\"image\":{\"@type\":\"ImageObject\",\"inLanguage\":\"en-US\",\"@id\":\"https:\/\/muebleslacandona.com\/#\/schema\/person\/image\/\",\"url\":\"https:\/\/secure.gravatar.com\/avatar\/7e5376ed50767cb2ac59d1c3c3c25d3575a4f1e572bc39a8ed509ed813fb9dbb?s=96&d=mm&r=g\",\"contentUrl\":\"https:\/\/secure.gravatar.com\/avatar\/7e5376ed50767cb2ac59d1c3c3c25d3575a4f1e572bc39a8ed509ed813fb9dbb?s=96&d=mm&r=g\",\"caption\":\"Daniel\"},\"url\":\"https:\/\/muebleslacandona.com\/en\/author\/ricardo\/\"}]}<\/script>\n<!-- \/ Yoast SEO plugin. -->","yoast_head_json":{"title":"Madera \u00c1lamo - Muebles Lacandona","robots":{"index":"index","follow":"follow","max-snippet":"max-snippet:-1","max-image-preview":"max-image-preview:large","max-video-preview":"max-video-preview:-1"},"canonical":"https:\/\/muebleslacandona.com\/en\/fotos-de-muebles-lacandona-2\/","og_locale":"en_US","og_type":"article","og_title":"Madera \u00c1lamo - Muebles Lacandona","og_description":"Tabla de contenidos \u00bfPor qu\u00e9 la madera de \u00e1lamo? La madera de \u00e1lamo ha ganado popularidad en la industria del","og_url":"https:\/\/muebleslacandona.com\/en\/fotos-de-muebles-lacandona-2\/","og_site_name":"Muebles Lacandona","article_published_time":"2025-07-02T18:53:14+00:00","article_modified_time":"2025-07-03T16:40:49+00:00","og_image":[{"width":1800,"height":888,"url":"https:\/\/muebleslacandona.com\/wp-content\/uploads\/2025\/04\/Foto-Muebles-Lacandona.jpg","type":"image\/jpeg"}],"author":"Daniel","twitter_card":"summary_large_image","twitter_misc":{"Written by":"Daniel","Est. reading time":"3 minutes"},"schema":{"@context":"https:\/\/schema.org","@graph":[{"@type":"Article","@id":"https:\/\/muebleslacandona.com\/fotos-de-muebles-lacandona-2\/#article","isPartOf":{"@id":"https:\/\/muebleslacandona.com\/fotos-de-muebles-lacandona-2\/"},"author":{"name":"Daniel","@id":"https:\/\/muebleslacandona.com\/#\/schema\/person\/4d1d2c8806275111a95d24bddde60f9f"},"headline":"Madera \u00c1lamo","datePublished":"2025-07-02T18:53:14+00:00","dateModified":"2025-07-03T16:40:49+00:00","mainEntityOfPage":{"@id":"https:\/\/muebleslacandona.com\/fotos-de-muebles-lacandona-2\/"},"wordCount":319,"image":{"@id":"https:\/\/muebleslacandona.com\/fotos-de-muebles-lacandona-2\/#primaryimage"},"thumbnailUrl":"https:\/\/muebleslacandona.com\/wp-content\/uploads\/2025\/04\/Foto-Muebles-Lacandona.jpg","articleSection":["Decoraci\u00f3n"],"inLanguage":"en-US"},{"@type":"WebPage","@id":"https:\/\/muebleslacandona.com\/fotos-de-muebles-lacandona-2\/","url":"https:\/\/muebleslacandona.com\/fotos-de-muebles-lacandona-2\/","name":"Madera \u00c1lamo - Muebles Lacandona","isPartOf":{"@id":"https:\/\/muebleslacandona.com\/#website"},"primaryImageOfPage":{"@id":"https:\/\/muebleslacandona.com\/fotos-de-muebles-lacandona-2\/#primaryimage"},"image":{"@id":"https:\/\/muebleslacandona.com\/fotos-de-muebles-lacandona-2\/#primaryimage"},"thumbnailUrl":"https:\/\/muebleslacandona.com\/wp-content\/uploads\/2025\/04\/Foto-Muebles-Lacandona.jpg","datePublished":"2025-07-02T18:53:14+00:00","dateModified":"2025-07-03T16:40:49+00:00","author":{"@id":"https:\/\/muebleslacandona.com\/#\/schema\/person\/4d1d2c8806275111a95d24bddde60f9f"},"breadcrumb":{"@id":"https:\/\/muebleslacandona.com\/fotos-de-muebles-lacandona-2\/#breadcrumb"},"inLanguage":"en-US","potentialAction":[{"@type":"ReadAction","target":["https:\/\/muebleslacandona.com\/fotos-de-muebles-lacandona-2\/"]}]},{"@type":"ImageObject","inLanguage":"en-US","@id":"https:\/\/muebleslacandona.com\/fotos-de-muebles-lacandona-2\/#primaryimage","url":"https:\/\/muebleslacandona.com\/wp-content\/uploads\/2025\/04\/Foto-Muebles-Lacandona.jpg","contentUrl":"https:\/\/muebleslacandona.com\/wp-content\/uploads\/2025\/04\/Foto-Muebles-Lacandona.jpg","width":1800,"height":888},{"@type":"BreadcrumbList","@id":"https:\/\/muebleslacandona.com\/fotos-de-muebles-lacandona-2\/#breadcrumb","itemListElement":[{"@type":"ListItem","position":1,"name":"Portada","item":"https:\/\/muebleslacandona.com\/"},{"@type":"ListItem","position":2,"name":"Madera \u00c1lamo"}]},{"@type":"WebSite","@id":"https:\/\/muebleslacandona.com\/#website","url":"https:\/\/muebleslacandona.com\/","name":"Muebles Lacandona","description":"Fabricamos muebles para restaurantes mexicanos en Estados Unidos, dise\u00f1ados para atraer clientes y elevar la experiencia de tu negocio. En Muebles Lacandona combinamos artesan\u00eda mexicana, personalizaci\u00f3n y m\u00e1s de 25 a\u00f1os de experiencia para crear espacios \u00fanicos que conectan con la cultura latina y aumentan el valor de tu restaurante.","potentialAction":[{"@type":"SearchAction","target":{"@type":"EntryPoint","urlTemplate":"https:\/\/muebleslacandona.com\/?s={search_term_string}"},"query-input":{"@type":"PropertyValueSpecification","valueRequired":true,"valueName":"search_term_string"}}],"inLanguage":"en-US"},{"@type":"Person","@id":"https:\/\/muebleslacandona.com\/#\/schema\/person\/4d1d2c8806275111a95d24bddde60f9f","name":"Daniel","image":{"@type":"ImageObject","inLanguage":"en-US","@id":"https:\/\/muebleslacandona.com\/#\/schema\/person\/image\/","url":"https:\/\/secure.gravatar.com\/avatar\/7e5376ed50767cb2ac59d1c3c3c25d3575a4f1e572bc39a8ed509ed813fb9dbb?s=96&d=mm&r=g","contentUrl":"https:\/\/secure.gravatar.com\/avatar\/7e5376ed50767cb2ac59d1c3c3c25d3575a4f1e572bc39a8ed509ed813fb9dbb?s=96&d=mm&r=g","caption":"Daniel"},"url":"https:\/\/muebleslacandona.com\/en\/author\/ricardo\/"}]}},"_links":{"self":[{"href":"https:\/\/muebleslacandona.com\/en\/wp-json\/wp\/v2\/posts\/17419","targetHints":{"allow":["GET"]}}],"collection":[{"href":"https:\/\/muebleslacandona.com\/en\/wp-json\/wp\/v2\/posts"}],"about":[{"href":"https:\/\/muebleslacandona.com\/en\/wp-json\/wp\/v2\/types\/post"}],"author":[{"embeddable":true,"href":"https:\/\/muebleslacandona.com\/en\/wp-json\/wp\/v2\/users\/2"}],"replies":[{"embeddable":true,"href":"https:\/\/muebleslacandona.com\/en\/wp-json\/wp\/v2\/comments?post=17419"}],"version-history":[{"count":6,"href":"https:\/\/muebleslacandona.com\/en\/wp-json\/wp\/v2\/posts\/17419\/revisions"}],"predecessor-version":[{"id":17433,"href":"https:\/\/muebleslacandona.com\/en\/wp-json\/wp\/v2\/posts\/17419\/revisions\/17433"}],"wp:featuredmedia":[{"embeddable":true,"href":"https:\/\/muebleslacandona.com\/en\/wp-json\/wp\/v2\/media\/17222"}],"wp:attachment":[{"href":"https:\/\/muebleslacandona.com\/en\/wp-json\/wp\/v2\/media?parent=17419"}],"wp:term":[{"taxonomy":"category","embeddable":true,"href":"https:\/\/muebleslacandona.com\/en\/wp-json\/wp\/v2\/categories?post=17419"},{"taxonomy":"post_tag","embeddable":true,"href":"https:\/\/muebleslacandona.com\/en\/wp-json\/wp\/v2\/tags?post=17419"}],"curies":[{"name":"wp","href":"https:\/\/api.w.org\/{rel}","templated":true}]}}